{"id":1700,"date":"2021-03-16T16:51:37","date_gmt":"2021-03-16T21:51:37","guid":{"rendered":"http:\/\/www.grade.org.pe\/creer\/?post_type=noticia&#038;p=1700"},"modified":"2021-03-16T16:51:37","modified_gmt":"2021-03-16T21:51:37","slug":"ricardo-cuenca-mas-del-22-de-escuelas-en-zonas-rurales-podrian-abrirse-para-clases-presenciales","status":"publish","type":"noticia","link":"https:\/\/www.grade.org.pe\/creer\/noticia\/ricardo-cuenca-mas-del-22-de-escuelas-en-zonas-rurales-podrian-abrirse-para-clases-presenciales\/","title":{"rendered":"Ricardo Cuenca: \u201cM\u00e1s del 22% de escuelas en zonas rurales podr\u00edan abrirse para clases presenciales\u201d"},"content":{"rendered":"<p>Las escuelas que podr\u00edan recibir alumnos est\u00e1n ubicadas en zonas rurales y calcul\u00f3 que son m\u00e1s del 22%. Precis\u00f3 que la decisi\u00f3n final sobre el tema se tomar\u00e1 el 31 de marzo.<\/p>\n","protected":false},"excerpt":{"rendered":"<p>Las escuelas que podr\u00edan recibir alumnos est\u00e1n ubicadas en zonas rurales y calcul\u00f3 que son m\u00e1s del 22%. Precis\u00f3 que la decisi\u00f3n final sobre el tema se tomar\u00e1 el 31 de marzo.<\/p>\n","protected":false},"featured_media":1701,"template":"","tags":[],"class_list":["post-1700","noticia","type-noticia","status-publish","has-post-thumbnail","hentry"],"acf":[],"yoast_head":"<!-- This site is optimized with the Yoast SEO plugin v26.9 - https:\/\/yoast.com\/product\/yoast-seo-wordpress\/ -->\n<title>Ricardo Cuenca: \u201cM\u00e1s del 22% de escuelas en zonas rurales podr\u00edan abrirse para clases presenciales\u201d - Proyecto CREER<\/title>\n<meta name=\"robots\" content=\"index, follow, max-snippet:-1, max-image-preview:large, max-video-preview:-1\" \/>\n<link rel=\"canonical\" href=\"https:\/\/www.grade.org.pe\/creer\/noticia\/ricardo-cuenca-mas-del-22-de-escuelas-en-zonas-rurales-podrian-abrirse-para-clases-presenciales\/\" \/>\n<meta property=\"og:locale\" content=\"es_ES\" \/>\n<meta property=\"og:type\" content=\"article\" \/>\n<meta property=\"og:title\" content=\"Ricardo Cuenca: \u201cM\u00e1s del 22% de escuelas en zonas rurales podr\u00edan abrirse para clases presenciales\u201d - Proyecto CREER\" \/>\n<meta property=\"og:description\" content=\"Las escuelas que podr\u00edan recibir alumnos est\u00e1n ubicadas en zonas rurales y calcul\u00f3 que son m\u00e1s del 22%. Precis\u00f3 que la decisi\u00f3n final sobre el tema se tomar\u00e1 el 31 de marzo.\" \/>\n<meta property=\"og:url\" content=\"https:\/\/www.grade.org.pe\/creer\/noticia\/ricardo-cuenca-mas-del-22-de-escuelas-en-zonas-rurales-podrian-abrirse-para-clases-presenciales\/\" \/>\n<meta property=\"og:site_name\" content=\"Proyecto CREER\" \/>\n<meta property=\"article:publisher\" content=\"https:\/\/www.facebook.com\/creergrade\/\" \/>\n<meta property=\"og:image\" content=\"https:\/\/www.grade.org.pe\/creer\/archivos\/clases-rurales-comercio.jpg\" \/>\n\t<meta property=\"og:image:width\" content=\"580\" \/>\n\t<meta property=\"og:image:height\" content=\"330\" \/>\n\t<meta property=\"og:image:type\" content=\"image\/jpeg\" \/>\n<meta name=\"twitter:card\" content=\"summary_large_image\" \/>\n<script type=\"application\/ld+json\" class=\"yoast-schema-graph\">{\"@context\":\"https:\/\/schema.org\",\"@graph\":[{\"@type\":\"WebPage\",\"@id\":\"https:\/\/www.grade.org.pe\/creer\/noticia\/ricardo-cuenca-mas-del-22-de-escuelas-en-zonas-rurales-podrian-abrirse-para-clases-presenciales\/\",\"url\":\"https:\/\/www.grade.org.pe\/creer\/noticia\/ricardo-cuenca-mas-del-22-de-escuelas-en-zonas-rurales-podrian-abrirse-para-clases-presenciales\/\",\"name\":\"Ricardo Cuenca: \u201cM\u00e1s del 22% de escuelas en zonas rurales podr\u00edan abrirse para clases presenciales\u201d - Proyecto CREER\",\"isPartOf\":{\"@id\":\"https:\/\/www.grade.org.pe\/creer\/#website\"},\"primaryImageOfPage\":{\"@id\":\"https:\/\/www.grade.org.pe\/creer\/noticia\/ricardo-cuenca-mas-del-22-de-escuelas-en-zonas-rurales-podrian-abrirse-para-clases-presenciales\/#primaryimage\"},\"image\":{\"@id\":\"https:\/\/www.grade.org.pe\/creer\/noticia\/ricardo-cuenca-mas-del-22-de-escuelas-en-zonas-rurales-podrian-abrirse-para-clases-presenciales\/#primaryimage\"},\"thumbnailUrl\":\"https:\/\/www.grade.org.pe\/creer\/archivos\/clases-rurales-comercio.jpg\",\"datePublished\":\"2021-03-16T21:51:37+00:00\",\"breadcrumb\":{\"@id\":\"https:\/\/www.grade.org.pe\/creer\/noticia\/ricardo-cuenca-mas-del-22-de-escuelas-en-zonas-rurales-podrian-abrirse-para-clases-presenciales\/#breadcrumb\"},\"inLanguage\":\"es\",\"potentialAction\":[{\"@type\":\"ReadAction\",\"target\":[\"https:\/\/www.grade.org.pe\/creer\/noticia\/ricardo-cuenca-mas-del-22-de-escuelas-en-zonas-rurales-podrian-abrirse-para-clases-presenciales\/\"]}]},{\"@type\":\"ImageObject\",\"inLanguage\":\"es\",\"@id\":\"https:\/\/www.grade.org.pe\/creer\/noticia\/ricardo-cuenca-mas-del-22-de-escuelas-en-zonas-rurales-podrian-abrirse-para-clases-presenciales\/#primaryimage\",\"url\":\"https:\/\/www.grade.org.pe\/creer\/archivos\/clases-rurales-comercio.jpg\",\"contentUrl\":\"https:\/\/www.grade.org.pe\/creer\/archivos\/clases-rurales-comercio.jpg\",\"width\":580,\"height\":330},{\"@type\":\"BreadcrumbList\",\"@id\":\"https:\/\/www.grade.org.pe\/creer\/noticia\/ricardo-cuenca-mas-del-22-de-escuelas-en-zonas-rurales-podrian-abrirse-para-clases-presenciales\/#breadcrumb\",\"itemListElement\":[{\"@type\":\"ListItem\",\"position\":1,\"name\":\"Portada\",\"item\":\"https:\/\/www.grade.org.pe\/creer\/\"},{\"@type\":\"ListItem\",\"position\":2,\"name\":\"Noticias\",\"item\":\"https:\/\/www.grade.org.pe\/creer\/noticias\/\"},{\"@type\":\"ListItem\",\"position\":3,\"name\":\"Ricardo Cuenca: \u201cM\u00e1s del 22% de escuelas en zonas rurales podr\u00edan abrirse para clases presenciales\u201d\"}]},{\"@type\":\"WebSite\",\"@id\":\"https:\/\/www.grade.org.pe\/creer\/#website\",\"url\":\"https:\/\/www.grade.org.pe\/creer\/\",\"name\":\"Proyecto CREER\",\"description\":\"Creciendo con las Escuelas Rurales Multigrado del Per\u00fa\",\"publisher\":{\"@id\":\"https:\/\/www.grade.org.pe\/creer\/#organization\"},\"potentialAction\":[{\"@type\":\"SearchAction\",\"target\":{\"@type\":\"EntryPoint\",\"urlTemplate\":\"https:\/\/www.grade.org.pe\/creer\/?s={search_term_string}\"},\"query-input\":{\"@type\":\"PropertyValueSpecification\",\"valueRequired\":true,\"valueName\":\"search_term_string\"}}],\"inLanguage\":\"es\"},{\"@type\":\"Organization\",\"@id\":\"https:\/\/www.grade.org.pe\/creer\/#organization\",\"name\":\"Proyecto CREER\",\"url\":\"https:\/\/www.grade.org.pe\/creer\/\",\"logo\":{\"@type\":\"ImageObject\",\"inLanguage\":\"es\",\"@id\":\"https:\/\/www.grade.org.pe\/creer\/#\/schema\/logo\/image\/\",\"url\":\"https:\/\/www.grade.org.pe\/creer\/archivos\/logo-creer.png\",\"contentUrl\":\"https:\/\/www.grade.org.pe\/creer\/archivos\/logo-creer.png\",\"width\":802,\"height\":258,\"caption\":\"Proyecto CREER\"},\"image\":{\"@id\":\"https:\/\/www.grade.org.pe\/creer\/#\/schema\/logo\/image\/\"},\"sameAs\":[\"https:\/\/www.facebook.com\/creergrade\/\"]}]}<\/script>\n<!-- \/ Yoast SEO plugin. -->","yoast_head_json":{"title":"Ricardo Cuenca: \u201cM\u00e1s del 22% de escuelas en zonas rurales podr\u00edan abrirse para clases presenciales\u201d - Proyecto CREER","robots":{"index":"index","follow":"follow","max-snippet":"max-snippet:-1","max-image-preview":"max-image-preview:large","max-video-preview":"max-video-preview:-1"},"canonical":"https:\/\/www.grade.org.pe\/creer\/noticia\/ricardo-cuenca-mas-del-22-de-escuelas-en-zonas-rurales-podrian-abrirse-para-clases-presenciales\/","og_locale":"es_ES","og_type":"article","og_title":"Ricardo Cuenca: \u201cM\u00e1s del 22% de escuelas en zonas rurales podr\u00edan abrirse para clases presenciales\u201d - Proyecto CREER","og_description":"Las escuelas que podr\u00edan recibir alumnos est\u00e1n ubicadas en zonas rurales y calcul\u00f3 que son m\u00e1s del 22%. Precis\u00f3 que la decisi\u00f3n final sobre el tema se tomar\u00e1 el 31 de marzo.","og_url":"https:\/\/www.grade.org.pe\/creer\/noticia\/ricardo-cuenca-mas-del-22-de-escuelas-en-zonas-rurales-podrian-abrirse-para-clases-presenciales\/","og_site_name":"Proyecto CREER","article_publisher":"https:\/\/www.facebook.com\/creergrade\/","og_image":[{"width":580,"height":330,"url":"https:\/\/www.grade.org.pe\/creer\/archivos\/clases-rurales-comercio.jpg","type":"image\/jpeg"}],"twitter_card":"summary_large_image","schema":{"@context":"https:\/\/schema.org","@graph":[{"@type":"WebPage","@id":"https:\/\/www.grade.org.pe\/creer\/noticia\/ricardo-cuenca-mas-del-22-de-escuelas-en-zonas-rurales-podrian-abrirse-para-clases-presenciales\/","url":"https:\/\/www.grade.org.pe\/creer\/noticia\/ricardo-cuenca-mas-del-22-de-escuelas-en-zonas-rurales-podrian-abrirse-para-clases-presenciales\/","name":"Ricardo Cuenca: \u201cM\u00e1s del 22% de escuelas en zonas rurales podr\u00edan abrirse para clases presenciales\u201d - Proyecto CREER","isPartOf":{"@id":"https:\/\/www.grade.org.pe\/creer\/#website"},"primaryImageOfPage":{"@id":"https:\/\/www.grade.org.pe\/creer\/noticia\/ricardo-cuenca-mas-del-22-de-escuelas-en-zonas-rurales-podrian-abrirse-para-clases-presenciales\/#primaryimage"},"image":{"@id":"https:\/\/www.grade.org.pe\/creer\/noticia\/ricardo-cuenca-mas-del-22-de-escuelas-en-zonas-rurales-podrian-abrirse-para-clases-presenciales\/#primaryimage"},"thumbnailUrl":"https:\/\/www.grade.org.pe\/creer\/archivos\/clases-rurales-comercio.jpg","datePublished":"2021-03-16T21:51:37+00:00","breadcrumb":{"@id":"https:\/\/www.grade.org.pe\/creer\/noticia\/ricardo-cuenca-mas-del-22-de-escuelas-en-zonas-rurales-podrian-abrirse-para-clases-presenciales\/#breadcrumb"},"inLanguage":"es","potentialAction":[{"@type":"ReadAction","target":["https:\/\/www.grade.org.pe\/creer\/noticia\/ricardo-cuenca-mas-del-22-de-escuelas-en-zonas-rurales-podrian-abrirse-para-clases-presenciales\/"]}]},{"@type":"ImageObject","inLanguage":"es","@id":"https:\/\/www.grade.org.pe\/creer\/noticia\/ricardo-cuenca-mas-del-22-de-escuelas-en-zonas-rurales-podrian-abrirse-para-clases-presenciales\/#primaryimage","url":"https:\/\/www.grade.org.pe\/creer\/archivos\/clases-rurales-comercio.jpg","contentUrl":"https:\/\/www.grade.org.pe\/creer\/archivos\/clases-rurales-comercio.jpg","width":580,"height":330},{"@type":"BreadcrumbList","@id":"https:\/\/www.grade.org.pe\/creer\/noticia\/ricardo-cuenca-mas-del-22-de-escuelas-en-zonas-rurales-podrian-abrirse-para-clases-presenciales\/#breadcrumb","itemListElement":[{"@type":"ListItem","position":1,"name":"Portada","item":"https:\/\/www.grade.org.pe\/creer\/"},{"@type":"ListItem","position":2,"name":"Noticias","item":"https:\/\/www.grade.org.pe\/creer\/noticias\/"},{"@type":"ListItem","position":3,"name":"Ricardo Cuenca: \u201cM\u00e1s del 22% de escuelas en zonas rurales podr\u00edan abrirse para clases presenciales\u201d"}]},{"@type":"WebSite","@id":"https:\/\/www.grade.org.pe\/creer\/#website","url":"https:\/\/www.grade.org.pe\/creer\/","name":"Proyecto CREER","description":"Creciendo con las Escuelas Rurales Multigrado del Per\u00fa","publisher":{"@id":"https:\/\/www.grade.org.pe\/creer\/#organization"},"potentialAction":[{"@type":"SearchAction","target":{"@type":"EntryPoint","urlTemplate":"https:\/\/www.grade.org.pe\/creer\/?s={search_term_string}"},"query-input":{"@type":"PropertyValueSpecification","valueRequired":true,"valueName":"search_term_string"}}],"inLanguage":"es"},{"@type":"Organization","@id":"https:\/\/www.grade.org.pe\/creer\/#organization","name":"Proyecto CREER","url":"https:\/\/www.grade.org.pe\/creer\/","logo":{"@type":"ImageObject","inLanguage":"es","@id":"https:\/\/www.grade.org.pe\/creer\/#\/schema\/logo\/image\/","url":"https:\/\/www.grade.org.pe\/creer\/archivos\/logo-creer.png","contentUrl":"https:\/\/www.grade.org.pe\/creer\/archivos\/logo-creer.png","width":802,"height":258,"caption":"Proyecto CREER"},"image":{"@id":"https:\/\/www.grade.org.pe\/creer\/#\/schema\/logo\/image\/"},"sameAs":["https:\/\/www.facebook.com\/creergrade\/"]}]}},"_links":{"self":[{"href":"https:\/\/www.grade.org.pe\/creer\/wp-json\/wp\/v2\/noticia\/1700","targetHints":{"allow":["GET"]}}],"collection":[{"href":"https:\/\/www.grade.org.pe\/creer\/wp-json\/wp\/v2\/noticia"}],"about":[{"href":"https:\/\/www.grade.org.pe\/creer\/wp-json\/wp\/v2\/types\/noticia"}],"wp:featuredmedia":[{"embeddable":true,"href":"https:\/\/www.grade.org.pe\/creer\/wp-json\/wp\/v2\/media\/1701"}],"wp:attachment":[{"href":"https:\/\/www.grade.org.pe\/creer\/wp-json\/wp\/v2\/media?parent=1700"}],"wp:term":[{"taxonomy":"post_tag","embeddable":true,"href":"https:\/\/www.grade.org.pe\/creer\/wp-json\/wp\/v2\/tags?post=1700"}],"curies":[{"name":"wp","href":"https:\/\/api.w.org\/{rel}","templated":true}]}}